{"id":6620,"date":"2024-12-09T15:34:44","date_gmt":"2024-12-09T15:34:44","guid":{"rendered":"https:\/\/aroma-eg.com\/?p=6620"},"modified":"2024-12-10T13:58:39","modified_gmt":"2024-12-10T13:58:39","slug":"kulturel-farkliliklarin-ucus-baslangic-yaklasimlarina-etkis","status":"publish","type":"post","link":"https:\/\/aroma-eg.com\/ar\/kulturel-farkliliklarin-ucus-baslangic-yaklasimlarina-etkis\/","title":{"rendered":"K\u00fclt\u00fcrel Farkl\u0131l\u0131klar\u0131n U\u00e7u\u015f Ba\u015flang\u0131\u00e7 Yakla\u015f\u0131mlar\u0131na Etkis"},"content":{"rendered":"<p>K\u00fclt\u00fcrel Farkl\u0131l\u0131klar\u0131n U\u00e7u\u015f Ba\u015flang\u0131\u00e7 Yakla\u015f\u0131mlar\u0131na Etkisi<html lang=\"tr\"><head><meta charset=\"utf-8\"\/><\/head><body><\/p>\n<h1>K\u00fclt\u00fcrel Farkl\u0131l\u0131klar\u0131n U\u00e7u\u015f Ba\u015flang\u0131\u00e7 Yakla\u015f\u0131mlar\u0131na Etkisi<\/h1>\n<p>U\u00e7u\u015f s\u00fcre\u00e7leri ve ba\u015flang\u0131\u00e7 yakla\u015f\u0131mlar\u0131, pilotlar\u0131n kadar, k\u00fclt\u00fcrel dinamiklerin de etkisi alt\u0131ndad\u0131r. Bu makalede, \u00e7e\u015fitli k\u00fclt\u00fcrel fakt\u00f6rlerin pilotlar\u0131n u\u00e7u\u015fa ba\u015flama s\u00fcre\u00e7lerine nas\u0131l etki etti\u011fini inceleyece\u011fiz. Farkl\u0131 k\u00fclt\u00fcrler, ileti\u015fim tarzlar\u0131ndan risk alg\u0131lamalar\u0131na kadar de\u011fi\u015fiklik g\u00f6sterir ve bu durum pilotlar\u0131n u\u00e7u\u015f haz\u0131rl\u0131klar\u0131na nas\u0131l yakla\u015ft\u0131klar\u0131n\u0131 etkileyebilir.<\/p>\n<h2>K\u00fclt\u00fcrel Farkl\u0131l\u0131klar\u0131n \u0130leti\u015fim \u00dczerindeki Etkisi<\/h2>\n<p>\u0130leti\u015fim, havac\u0131l\u0131kta en kritik unsurlardand\u0131r ve k\u00fclt\u00fcrel farkl\u0131l\u0131klar, ileti\u015fim tarz\u0131n\u0131 b\u00fcy\u00fck \u00f6l\u00e7\u00fcde etkileyebilir. \u00d6rne\u011fin, y\u00fcksek ba\u011flaml\u0131 k\u00fclt\u00fcrler genellikle dolayl\u0131 ileti\u015fim y\u00f6ntemlerini tercih ederken, d\u00fc\u015f\u00fck ba\u011flaml\u0131 k\u00fclt\u00fcrlerde daha do\u011frudan bir ileti\u015fim tarz\u0131 hakim olabilir. Bu farkl\u0131l\u0131klar, g\u00fcvenlik briefingi ve u\u00e7u\u015f \u00f6ncesi koordinasyon s\u0131ras\u0131nda belirginle\u015febilir.<\/p>\n<ul>\n<li>Y\u00fcksek ba\u011flaml\u0131 k\u00fclt\u00fcrler: Japonya, \u00c7in<\/li>\n<li>D\u00fc\u015f\u00fck ba\u011flaml\u0131 k\u00fclt\u00fcrler: ABD, Almanya<\/li>\n<\/ul>\n<p>K\u00fclt\u00fcrleraras\u0131 ileti\u015fim stratejileri, pilotlar aras\u0131ndaki yanl\u0131\u015f anlamalar\u0131n \u00f6n\u00fcne ge\u00e7mek i\u00e7in kullan\u0131labilir. U\u00e7u\u015f ekipleri, farkl\u0131 k\u00fclt\u00fcrel arka planlardan gelen ekip arkada\u015flar\u0131yla etkili bir ileti\u015fim kurmaya odaklanmal\u0131d\u0131r.<\/p>\n<h3>Risk Alg\u0131s\u0131 ve K\u00fclt\u00fcrel Farkl\u0131l\u0131klar<\/h3>\n<p>K\u00fclt\u00fcrlerin risk alg\u0131s\u0131 \u00fczerindeki etkisi de g\u00f6z ard\u0131 edilmemelidir. Baz\u0131 k\u00fclt\u00fcrlerde risk alma e\u011filimi daha y\u00fcksekken, di\u011ferlerinde g\u00fcvenli\u011fi en \u00fcst d\u00fczeyde tutma \u00e7abas\u0131 g\u00f6zlemlenebilir. Bu durum, havaliman\u0131 se\u00e7iminden hava ko\u015fullar\u0131n\u0131 de\u011ferlendirmeye kadar \u00e7e\u015fitli kararlar \u00fczerinde etkili olabilir. Pilotlar, bu farkl\u0131 risk alg\u0131lar\u0131n\u0131 anlamal\u0131 ve ekip \u00e7al\u0131\u015fmalar\u0131nda dengeyi sa\u011flamal\u0131d\u0131r.<\/p>\n<h2>Hiyerar\u015fik Yap\u0131lar ve U\u00e7u\u015f Ekipleri<\/h2>\n<p>U\u00e7u\u015f ekiplerindeki hiyerar\u015fik yap\u0131, k\u00fclt\u00fcrel farkl\u0131l\u0131klarla \u015fekillenebilmektedir. Baz\u0131 k\u00fclt\u00fcrler, otoriteye y\u00fcksek derecede sayg\u0131 g\u00f6sterirken, di\u011ferleri daha yatay ve e\u015fitleyici hiyerar\u015filer takip edebilir. Bu ba\u011flamda, pilotlar\u0131n otoriteye nas\u0131l yakla\u015ft\u0131\u011f\u0131 ve karar alma s\u00fcre\u00e7lerine nas\u0131l dahil olduklar\u0131 k\u00fclt\u00fcrel arka plana g\u00f6re de\u011fi\u015fiklik g\u00f6stermektedir <a href=\"https:\/\/aviator-turkiye-casino.com\/\">aviator giri\u015f<\/a>.<\/p>\n<ol>\n<li>Geleneksel hiyerar\u015fi: Hindistan, G\u00fcney Kore<\/li>\n<li>Daha e\u015fitlik\u00e7i yap\u0131: \u0130skandinav \u00fclkeleri<\/li>\n<\/ol>\n<p>Bu t\u00fcr hiyerar\u015fik normlar, kriz durumlar\u0131nda h\u0131zl\u0131 ve etkin karar almay\u0131 da etkileyebilir, bu y\u00fczden ekip \u00fcyelerinin aras\u0131ndaki hiyerar\u015fik ili\u015fkinin fark\u0131nda olunmas\u0131 \u00f6nemlidir.<\/p>\n<h2>K\u00fcresel Havayolu \u015eirketlerinde \u00c7ok K\u00fclt\u00fcrl\u00fcl\u00fck<\/h2>\n<p>\u00c7ok k\u00fclt\u00fcrl\u00fc bir m\u00fcrettebat ile \u00e7al\u0131\u015fmak, k\u00fcresel havayolu \u015firketleri i\u00e7in hem bir zorluk hem de bir f\u0131rsat olu\u015fturmaktad\u0131r. K\u00fclt\u00fcrel \u00e7e\u015fitlili\u011fin avantajlar\u0131ndan biri, farkl\u0131 bak\u0131\u015f a\u00e7\u0131lar\u0131n\u0131 bir araya getirilerek daha kapsaml\u0131 \u00e7\u00f6z\u00fcmler olu\u015fturabilmektir. Ancak, k\u00fclt\u00fcrel uyumsuzluklar ve yanl\u0131\u015f anlamalar do\u011fabilecek temel problemler aras\u0131nda yer almaktad\u0131r. E\u011fitim ve entegrasyon programlar\u0131, m\u00fcrettebatlar\u0131n k\u00fclt\u00fcrel uyumunu art\u0131rmak i\u00e7in kullan\u0131labilir.<\/p>\n<h2>Sonu\u00e7<\/h2>\n<p>K\u00fclt\u00fcrel farkl\u0131l\u0131klar, pilotlar\u0131n u\u00e7ak giri\u015f yakla\u015f\u0131mlar\u0131n\u0131 \u00e7e\u015fitli \u015fekillerde etkilemektedir. \u0130leti\u015fim tarz\u0131ndan risk alg\u0131s\u0131na kadar k\u00fclt\u00fcrel etkiler, havac\u0131l\u0131k sekt\u00f6r\u00fcnde \u00f6nemli rol oynamaktad\u0131r. K\u00fclt\u00fcrler aras\u0131ndaki farkl\u0131l\u0131klar\u0131 anlamak ve bunlar\u0131 etkili bir \u015fekilde y\u00f6netmek, g\u00fcvenli ve ba\u015far\u0131l\u0131 bir u\u00e7u\u015f operasyonu i\u00e7in esast\u0131r.<\/p>\n<h2>S\u0131k\u00e7a Sorulan Sorular<\/h2>\n<ol>\n<li><strong>K\u00fclt\u00fcrel farkl\u0131l\u0131klar u\u00e7u\u015f g\u00fcvenli\u011fini nas\u0131l etkiler?<\/strong><br \/>Farkl\u0131 k\u00fclt\u00fcrlerdeki ileti\u015fim tarzlar\u0131 ve risk alg\u0131lar\u0131, ekip i\u00e7i koordinasyonu etkileyerek dolayl\u0131 yoldan u\u00e7u\u015f g\u00fcvenli\u011fini etkileyebilir.<\/li>\n<li><strong>K\u00fclt\u00fcrler aras\u0131 ileti\u015fim neden \u00f6nemlidir?<\/strong><br \/>Farkl\u0131 k\u00fclt\u00fcrel arka planlardan gelen pilotlar, ileti\u015fimde yanl\u0131\u015f anlamalar\u0131 \u00f6nlemek i\u00e7in k\u00fclt\u00fcrler aras\u0131 ileti\u015fimi \u00f6nemsemelidir.<\/li>\n<li><strong>Risk alg\u0131s\u0131ndaki farkl\u0131l\u0131klar\u0131n \u00f6nemi nedir?<\/strong><br \/>Risk alg\u0131s\u0131ndaki farkl\u0131l\u0131klar, hava durumu ve di\u011fer kritik fakt\u00f6rlerle ilgili karar al\u0131rken etkili olabilir.<\/li>\n<li><strong>K\u00fclt\u00fcrel farkl\u0131l\u0131klar nas\u0131l y\u00f6netilir?<\/strong><br \/>E\u011fitim ve entegrasyon programlar\u0131, ekip \u00fcyelerinin k\u00fclt\u00fcrel uyumunu art\u0131rarak bu farkl\u0131l\u0131klar\u0131n y\u00f6netilmesine yard\u0131mc\u0131 olabilir.<\/li>\n<li><strong>Hiyerar\u015fik yap\u0131lar pilotlar\u0131 nas\u0131l etkiler?<\/strong><br \/>K\u00fclt\u00fcre ba\u011fl\u0131 hiyerar\u015fik yap\u0131lar, karar alma s\u00fcre\u00e7lerinde ve kriz y\u00f6netiminde farkl\u0131 yakla\u015f\u0131mlara yol a\u00e7abilir.<\/li>\n<\/ol>\n<p><\/body><\/html><\/p>","protected":false},"excerpt":{"rendered":"<p>K\u00fclt\u00fcrel Farkl\u0131l\u0131klar\u0131n U\u00e7u\u015f Ba\u015flang\u0131\u00e7 Yakla\u015f\u0131mlar\u0131na Etkisi K\u00fclt\u00fcrel Farkl\u0131l\u0131klar\u0131n U\u00e7u\u015f Ba\u015flang\u0131\u00e7  [&#8230;]<\/p>\n","protected":false},"author":4,"featured_media":0,"comment_status":"closed","ping_status":"open","sticky":false,"template":"","format":"standard","meta":{"_acf_changed":false,"footnotes":""},"categories":[1],"tags":[],"class_list":["post-6620","post","type-post","status-publish","format-standard","hentry","category-offer"],"acf":[],"aioseo_notices":[],"aioseo_head":"\n\t\t<!-- All in One SEO 4.9.10 - aioseo.com -->\n\t<meta name=\"description\" content=\"K\u00fclt\u00fcrel Farkl\u0131l\u0131klar\u0131n U\u00e7u\u015f Ba\u015flang\u0131\u00e7 Yakla\u015f\u0131mlar\u0131na EtkisiK\u00fclt\u00fcrel Farkl\u0131l\u0131klar\u0131n U\u00e7u\u015f Ba\u015flang\u0131\u00e7 Yakla\u015f\u0131mlar\u0131na EtkisiU\u00e7u\u015f s\u00fcre\u00e7leri ve ba\u015flang\u0131\u00e7 yakla\u015f\u0131mlar\u0131, pilotlar\u0131n kadar, k\u00fclt\u00fcrel dinamiklerin de etkisi alt\u0131ndad\u0131r. Bu makalede, \u00e7e\u015fitli k\u00fclt\u00fcrel fakt\u00f6rlerin pilotlar\u0131n u\u00e7u\u015fa ba\u015flama s\u00fcre\u00e7lerine nas\u0131l etki etti\u011fini inceleyece\u011fiz. Farkl\u0131 k\u00fclt\u00fcrler, ileti\u015fim tarzlar\u0131ndan risk alg\u0131lamalar\u0131na kadar de\u011fi\u015fiklik g\u00f6sterir ve bu durum pilotlar\u0131n u\u00e7u\u015f haz\u0131rl\u0131klar\u0131na nas\u0131l yakla\u015ft\u0131klar\u0131n\u0131 etkileyebilir.K\u00fclt\u00fcrel Farkl\u0131l\u0131klar\u0131n \u0130leti\u015fim\" \/>\n\t<meta name=\"robots\" content=\"max-image-preview:large\" \/>\n\t<meta name=\"author\" content=\"Ibrahim Salama\"\/>\n\t<link rel=\"canonical\" href=\"https:\/\/aroma-eg.com\/ar\/kulturel-farkliliklarin-ucus-baslangic-yaklasimlarina-etkis\/\" \/>\n\t<meta name=\"generator\" content=\"All in One SEO (AIOSEO) 4.9.10\" \/>\n\t\t<meta property=\"og:locale\" content=\"ar_AR\" \/>\n\t\t<meta property=\"og:site_name\" content=\"Aroma-EG - EG\" \/>\n\t\t<meta property=\"og:type\" content=\"article\" \/>\n\t\t<meta property=\"og:title\" content=\"K\u00fclt\u00fcrel Farkl\u0131l\u0131klar\u0131n U\u00e7u\u015f Ba\u015flang\u0131\u00e7 Yakla\u015f\u0131mlar\u0131na Etkis - Aroma-EG\" \/>\n\t\t<meta property=\"og:description\" content=\"K\u00fclt\u00fcrel Farkl\u0131l\u0131klar\u0131n U\u00e7u\u015f Ba\u015flang\u0131\u00e7 Yakla\u015f\u0131mlar\u0131na EtkisiK\u00fclt\u00fcrel Farkl\u0131l\u0131klar\u0131n U\u00e7u\u015f Ba\u015flang\u0131\u00e7 Yakla\u015f\u0131mlar\u0131na EtkisiU\u00e7u\u015f s\u00fcre\u00e7leri ve ba\u015flang\u0131\u00e7 yakla\u015f\u0131mlar\u0131, pilotlar\u0131n kadar, k\u00fclt\u00fcrel dinamiklerin de etkisi alt\u0131ndad\u0131r. Bu makalede, \u00e7e\u015fitli k\u00fclt\u00fcrel fakt\u00f6rlerin pilotlar\u0131n u\u00e7u\u015fa ba\u015flama s\u00fcre\u00e7lerine nas\u0131l etki etti\u011fini inceleyece\u011fiz. Farkl\u0131 k\u00fclt\u00fcrler, ileti\u015fim tarzlar\u0131ndan risk alg\u0131lamalar\u0131na kadar de\u011fi\u015fiklik g\u00f6sterir ve bu durum pilotlar\u0131n u\u00e7u\u015f haz\u0131rl\u0131klar\u0131na nas\u0131l yakla\u015ft\u0131klar\u0131n\u0131 etkileyebilir.K\u00fclt\u00fcrel Farkl\u0131l\u0131klar\u0131n \u0130leti\u015fim\" \/>\n\t\t<meta property=\"og:url\" content=\"https:\/\/aroma-eg.com\/ar\/kulturel-farkliliklarin-ucus-baslangic-yaklasimlarina-etkis\/\" \/>\n\t\t<meta property=\"article:published_time\" content=\"2024-12-09T15:34:44+00:00\" \/>\n\t\t<meta property=\"article:modified_time\" content=\"2024-12-10T13:58:39+00:00\" \/>\n\t\t<meta name=\"twitter:card\" content=\"summary_large_image\" \/>\n\t\t<meta name=\"twitter:title\" content=\"K\u00fclt\u00fcrel Farkl\u0131l\u0131klar\u0131n U\u00e7u\u015f Ba\u015flang\u0131\u00e7 Yakla\u015f\u0131mlar\u0131na Etkis - Aroma-EG\" \/>\n\t\t<meta name=\"twitter:description\" content=\"K\u00fclt\u00fcrel Farkl\u0131l\u0131klar\u0131n U\u00e7u\u015f Ba\u015flang\u0131\u00e7 Yakla\u015f\u0131mlar\u0131na EtkisiK\u00fclt\u00fcrel Farkl\u0131l\u0131klar\u0131n U\u00e7u\u015f Ba\u015flang\u0131\u00e7 Yakla\u015f\u0131mlar\u0131na EtkisiU\u00e7u\u015f s\u00fcre\u00e7leri ve ba\u015flang\u0131\u00e7 yakla\u015f\u0131mlar\u0131, pilotlar\u0131n kadar, k\u00fclt\u00fcrel dinamiklerin de etkisi alt\u0131ndad\u0131r. Bu makalede, \u00e7e\u015fitli k\u00fclt\u00fcrel fakt\u00f6rlerin pilotlar\u0131n u\u00e7u\u015fa ba\u015flama s\u00fcre\u00e7lerine nas\u0131l etki etti\u011fini inceleyece\u011fiz. Farkl\u0131 k\u00fclt\u00fcrler, ileti\u015fim tarzlar\u0131ndan risk alg\u0131lamalar\u0131na kadar de\u011fi\u015fiklik g\u00f6sterir ve bu durum pilotlar\u0131n u\u00e7u\u015f haz\u0131rl\u0131klar\u0131na nas\u0131l yakla\u015ft\u0131klar\u0131n\u0131 etkileyebilir.K\u00fclt\u00fcrel Farkl\u0131l\u0131klar\u0131n \u0130leti\u015fim\" \/>\n\t\t<script type=\"application\/ld+json\" class=\"aioseo-schema\">\n\t\t\t{\"@context\":\"https:\\\/\\\/schema.org\",\"@graph\":[{\"@type\":\"BlogPosting\",\"@id\":\"https:\\\/\\\/aroma-eg.com\\\/ar\\\/kulturel-farkliliklarin-ucus-baslangic-yaklasimlarina-etkis\\\/#blogposting\",\"name\":\"K\\u00fclt\\u00fcrel Farkl\\u0131l\\u0131klar\\u0131n U\\u00e7u\\u015f Ba\\u015flang\\u0131\\u00e7 Yakla\\u015f\\u0131mlar\\u0131na Etkis - Aroma-EG\",\"headline\":\"K\\u00fclt\\u00fcrel Farkl\\u0131l\\u0131klar\\u0131n U\\u00e7u\\u015f Ba\\u015flang\\u0131\\u00e7 Yakla\\u015f\\u0131mlar\\u0131na Etkis\",\"author\":{\"@id\":\"#author\"},\"publisher\":{\"@id\":\"https:\\\/\\\/aroma-eg.com\\\/ar\\\/#organization\"},\"datePublished\":\"2024-12-09T15:34:44+00:00\",\"dateModified\":\"2024-12-10T13:58:39+00:00\",\"inLanguage\":\"ar\",\"mainEntityOfPage\":{\"@id\":\"https:\\\/\\\/aroma-eg.com\\\/ar\\\/kulturel-farkliliklarin-ucus-baslangic-yaklasimlarina-etkis\\\/#webpage\"},\"isPartOf\":{\"@id\":\"https:\\\/\\\/aroma-eg.com\\\/ar\\\/kulturel-farkliliklarin-ucus-baslangic-yaklasimlarina-etkis\\\/#webpage\"},\"articleSection\":\"Offer\"},{\"@type\":\"BreadcrumbList\",\"@id\":\"https:\\\/\\\/aroma-eg.com\\\/ar\\\/kulturel-farkliliklarin-ucus-baslangic-yaklasimlarina-etkis\\\/#breadcrumblist\",\"itemListElement\":[{\"@type\":\"ListItem\",\"@id\":\"https:\\\/\\\/aroma-eg.com\\\/ar#listItem\",\"position\":1,\"name\":\"Home\",\"item\":\"https:\\\/\\\/aroma-eg.com\\\/ar\",\"nextItem\":{\"@type\":\"ListItem\",\"@id\":\"https:\\\/\\\/aroma-eg.com\\\/ar\\\/category\\\/offer\\\/#listItem\",\"name\":\"Offer\"}},{\"@type\":\"ListItem\",\"@id\":\"https:\\\/\\\/aroma-eg.com\\\/ar\\\/category\\\/offer\\\/#listItem\",\"position\":2,\"name\":\"Offer\",\"item\":\"https:\\\/\\\/aroma-eg.com\\\/ar\\\/category\\\/offer\\\/\",\"nextItem\":{\"@type\":\"ListItem\",\"@id\":\"https:\\\/\\\/aroma-eg.com\\\/ar\\\/kulturel-farkliliklarin-ucus-baslangic-yaklasimlarina-etkis\\\/#listItem\",\"name\":\"K\\u00fclt\\u00fcrel Farkl\\u0131l\\u0131klar\\u0131n U\\u00e7u\\u015f Ba\\u015flang\\u0131\\u00e7 Yakla\\u015f\\u0131mlar\\u0131na Etkis\"},\"previousItem\":{\"@type\":\"ListItem\",\"@id\":\"https:\\\/\\\/aroma-eg.com\\\/ar#listItem\",\"name\":\"Home\"}},{\"@type\":\"ListItem\",\"@id\":\"https:\\\/\\\/aroma-eg.com\\\/ar\\\/kulturel-farkliliklarin-ucus-baslangic-yaklasimlarina-etkis\\\/#listItem\",\"position\":3,\"name\":\"K\\u00fclt\\u00fcrel Farkl\\u0131l\\u0131klar\\u0131n U\\u00e7u\\u015f Ba\\u015flang\\u0131\\u00e7 Yakla\\u015f\\u0131mlar\\u0131na Etkis\",\"previousItem\":{\"@type\":\"ListItem\",\"@id\":\"https:\\\/\\\/aroma-eg.com\\\/ar\\\/category\\\/offer\\\/#listItem\",\"name\":\"Offer\"}}]},{\"@type\":\"Organization\",\"@id\":\"https:\\\/\\\/aroma-eg.com\\\/ar\\\/#organization\",\"name\":\"Aroma-EG\",\"description\":\"EG\",\"url\":\"https:\\\/\\\/aroma-eg.com\\\/ar\\\/\"},{\"@type\":\"Person\",\"@id\":\"#author\",\"name\":\"Ibrahim Salama\",\"image\":{\"@type\":\"ImageObject\",\"@id\":\"https:\\\/\\\/aroma-eg.com\\\/ar\\\/kulturel-farkliliklarin-ucus-baslangic-yaklasimlarina-etkis\\\/#authorImage\",\"url\":\"https:\\\/\\\/secure.gravatar.com\\\/avatar\\\/8e4c42e9082d132ac6992e802efc76735008420c84d772f80dee75ab362f509a?s=96&d=mm&r=g\",\"width\":96,\"height\":96,\"caption\":\"Ibrahim Salama\"}},{\"@type\":\"WebPage\",\"@id\":\"https:\\\/\\\/aroma-eg.com\\\/ar\\\/kulturel-farkliliklarin-ucus-baslangic-yaklasimlarina-etkis\\\/#webpage\",\"url\":\"https:\\\/\\\/aroma-eg.com\\\/ar\\\/kulturel-farkliliklarin-ucus-baslangic-yaklasimlarina-etkis\\\/\",\"name\":\"K\\u00fclt\\u00fcrel Farkl\\u0131l\\u0131klar\\u0131n U\\u00e7u\\u015f Ba\\u015flang\\u0131\\u00e7 Yakla\\u015f\\u0131mlar\\u0131na Etkis - Aroma-EG\",\"description\":\"K\\u00fclt\\u00fcrel Farkl\\u0131l\\u0131klar\\u0131n U\\u00e7u\\u015f Ba\\u015flang\\u0131\\u00e7 Yakla\\u015f\\u0131mlar\\u0131na EtkisiK\\u00fclt\\u00fcrel Farkl\\u0131l\\u0131klar\\u0131n U\\u00e7u\\u015f Ba\\u015flang\\u0131\\u00e7 Yakla\\u015f\\u0131mlar\\u0131na EtkisiU\\u00e7u\\u015f s\\u00fcre\\u00e7leri ve ba\\u015flang\\u0131\\u00e7 yakla\\u015f\\u0131mlar\\u0131, pilotlar\\u0131n kadar, k\\u00fclt\\u00fcrel dinamiklerin de etkisi alt\\u0131ndad\\u0131r. Bu makalede, \\u00e7e\\u015fitli k\\u00fclt\\u00fcrel fakt\\u00f6rlerin pilotlar\\u0131n u\\u00e7u\\u015fa ba\\u015flama s\\u00fcre\\u00e7lerine nas\\u0131l etki etti\\u011fini inceleyece\\u011fiz. Farkl\\u0131 k\\u00fclt\\u00fcrler, ileti\\u015fim tarzlar\\u0131ndan risk alg\\u0131lamalar\\u0131na kadar de\\u011fi\\u015fiklik g\\u00f6sterir ve bu durum pilotlar\\u0131n u\\u00e7u\\u015f haz\\u0131rl\\u0131klar\\u0131na nas\\u0131l yakla\\u015ft\\u0131klar\\u0131n\\u0131 etkileyebilir.K\\u00fclt\\u00fcrel Farkl\\u0131l\\u0131klar\\u0131n \\u0130leti\\u015fim\",\"inLanguage\":\"ar\",\"isPartOf\":{\"@id\":\"https:\\\/\\\/aroma-eg.com\\\/ar\\\/#website\"},\"breadcrumb\":{\"@id\":\"https:\\\/\\\/aroma-eg.com\\\/ar\\\/kulturel-farkliliklarin-ucus-baslangic-yaklasimlarina-etkis\\\/#breadcrumblist\"},\"datePublished\":\"2024-12-09T15:34:44+00:00\",\"dateModified\":\"2024-12-10T13:58:39+00:00\"},{\"@type\":\"WebSite\",\"@id\":\"https:\\\/\\\/aroma-eg.com\\\/ar\\\/#website\",\"url\":\"https:\\\/\\\/aroma-eg.com\\\/ar\\\/\",\"name\":\"Aroma-EG\",\"description\":\"EG\",\"inLanguage\":\"ar\",\"publisher\":{\"@id\":\"https:\\\/\\\/aroma-eg.com\\\/ar\\\/#organization\"}}]}\n\t\t<\/script>\n\t\t<!-- All in One SEO -->\n\n","aioseo_head_json":{"title":"K\u00fclt\u00fcrel Farkl\u0131l\u0131klar\u0131n U\u00e7u\u015f Ba\u015flang\u0131\u00e7 Yakla\u015f\u0131mlar\u0131na Etkis - Aroma-EG","description":"K\u00fclt\u00fcrel Farkl\u0131l\u0131klar\u0131n U\u00e7u\u015f Ba\u015flang\u0131\u00e7 Yakla\u015f\u0131mlar\u0131na EtkisiK\u00fclt\u00fcrel Farkl\u0131l\u0131klar\u0131n U\u00e7u\u015f Ba\u015flang\u0131\u00e7 Yakla\u015f\u0131mlar\u0131na EtkisiU\u00e7u\u015f s\u00fcre\u00e7leri ve ba\u015flang\u0131\u00e7 yakla\u015f\u0131mlar\u0131, pilotlar\u0131n kadar, k\u00fclt\u00fcrel dinamiklerin de etkisi alt\u0131ndad\u0131r. Bu makalede, \u00e7e\u015fitli k\u00fclt\u00fcrel fakt\u00f6rlerin pilotlar\u0131n u\u00e7u\u015fa ba\u015flama s\u00fcre\u00e7lerine nas\u0131l etki etti\u011fini inceleyece\u011fiz. Farkl\u0131 k\u00fclt\u00fcrler, ileti\u015fim tarzlar\u0131ndan risk alg\u0131lamalar\u0131na kadar de\u011fi\u015fiklik g\u00f6sterir ve bu durum pilotlar\u0131n u\u00e7u\u015f haz\u0131rl\u0131klar\u0131na nas\u0131l yakla\u015ft\u0131klar\u0131n\u0131 etkileyebilir.K\u00fclt\u00fcrel Farkl\u0131l\u0131klar\u0131n \u0130leti\u015fim","canonical_url":"https:\/\/aroma-eg.com\/ar\/kulturel-farkliliklarin-ucus-baslangic-yaklasimlarina-etkis\/","robots":"max-image-preview:large","keywords":"","webmasterTools":{"miscellaneous":""},"schema":{"@context":"https:\/\/schema.org","@graph":[{"@type":"BlogPosting","@id":"https:\/\/aroma-eg.com\/ar\/kulturel-farkliliklarin-ucus-baslangic-yaklasimlarina-etkis\/#blogposting","name":"K\u00fclt\u00fcrel Farkl\u0131l\u0131klar\u0131n U\u00e7u\u015f Ba\u015flang\u0131\u00e7 Yakla\u015f\u0131mlar\u0131na Etkis - Aroma-EG","headline":"K\u00fclt\u00fcrel Farkl\u0131l\u0131klar\u0131n U\u00e7u\u015f Ba\u015flang\u0131\u00e7 Yakla\u015f\u0131mlar\u0131na Etkis","author":{"@id":"#author"},"publisher":{"@id":"https:\/\/aroma-eg.com\/ar\/#organization"},"datePublished":"2024-12-09T15:34:44+00:00","dateModified":"2024-12-10T13:58:39+00:00","inLanguage":"ar","mainEntityOfPage":{"@id":"https:\/\/aroma-eg.com\/ar\/kulturel-farkliliklarin-ucus-baslangic-yaklasimlarina-etkis\/#webpage"},"isPartOf":{"@id":"https:\/\/aroma-eg.com\/ar\/kulturel-farkliliklarin-ucus-baslangic-yaklasimlarina-etkis\/#webpage"},"articleSection":"Offer"},{"@type":"BreadcrumbList","@id":"https:\/\/aroma-eg.com\/ar\/kulturel-farkliliklarin-ucus-baslangic-yaklasimlarina-etkis\/#breadcrumblist","itemListElement":[{"@type":"ListItem","@id":"https:\/\/aroma-eg.com\/ar#listItem","position":1,"name":"Home","item":"https:\/\/aroma-eg.com\/ar","nextItem":{"@type":"ListItem","@id":"https:\/\/aroma-eg.com\/ar\/category\/offer\/#listItem","name":"Offer"}},{"@type":"ListItem","@id":"https:\/\/aroma-eg.com\/ar\/category\/offer\/#listItem","position":2,"name":"Offer","item":"https:\/\/aroma-eg.com\/ar\/category\/offer\/","nextItem":{"@type":"ListItem","@id":"https:\/\/aroma-eg.com\/ar\/kulturel-farkliliklarin-ucus-baslangic-yaklasimlarina-etkis\/#listItem","name":"K\u00fclt\u00fcrel Farkl\u0131l\u0131klar\u0131n U\u00e7u\u015f Ba\u015flang\u0131\u00e7 Yakla\u015f\u0131mlar\u0131na Etkis"},"previousItem":{"@type":"ListItem","@id":"https:\/\/aroma-eg.com\/ar#listItem","name":"Home"}},{"@type":"ListItem","@id":"https:\/\/aroma-eg.com\/ar\/kulturel-farkliliklarin-ucus-baslangic-yaklasimlarina-etkis\/#listItem","position":3,"name":"K\u00fclt\u00fcrel Farkl\u0131l\u0131klar\u0131n U\u00e7u\u015f Ba\u015flang\u0131\u00e7 Yakla\u015f\u0131mlar\u0131na Etkis","previousItem":{"@type":"ListItem","@id":"https:\/\/aroma-eg.com\/ar\/category\/offer\/#listItem","name":"Offer"}}]},{"@type":"Organization","@id":"https:\/\/aroma-eg.com\/ar\/#organization","name":"Aroma-EG","description":"EG","url":"https:\/\/aroma-eg.com\/ar\/"},{"@type":"Person","@id":"#author","name":"Ibrahim Salama","image":{"@type":"ImageObject","@id":"https:\/\/aroma-eg.com\/ar\/kulturel-farkliliklarin-ucus-baslangic-yaklasimlarina-etkis\/#authorImage","url":"https:\/\/secure.gravatar.com\/avatar\/8e4c42e9082d132ac6992e802efc76735008420c84d772f80dee75ab362f509a?s=96&d=mm&r=g","width":96,"height":96,"caption":"Ibrahim Salama"}},{"@type":"WebPage","@id":"https:\/\/aroma-eg.com\/ar\/kulturel-farkliliklarin-ucus-baslangic-yaklasimlarina-etkis\/#webpage","url":"https:\/\/aroma-eg.com\/ar\/kulturel-farkliliklarin-ucus-baslangic-yaklasimlarina-etkis\/","name":"K\u00fclt\u00fcrel Farkl\u0131l\u0131klar\u0131n U\u00e7u\u015f Ba\u015flang\u0131\u00e7 Yakla\u015f\u0131mlar\u0131na Etkis - Aroma-EG","description":"K\u00fclt\u00fcrel Farkl\u0131l\u0131klar\u0131n U\u00e7u\u015f Ba\u015flang\u0131\u00e7 Yakla\u015f\u0131mlar\u0131na EtkisiK\u00fclt\u00fcrel Farkl\u0131l\u0131klar\u0131n U\u00e7u\u015f Ba\u015flang\u0131\u00e7 Yakla\u015f\u0131mlar\u0131na EtkisiU\u00e7u\u015f s\u00fcre\u00e7leri ve ba\u015flang\u0131\u00e7 yakla\u015f\u0131mlar\u0131, pilotlar\u0131n kadar, k\u00fclt\u00fcrel dinamiklerin de etkisi alt\u0131ndad\u0131r. Bu makalede, \u00e7e\u015fitli k\u00fclt\u00fcrel fakt\u00f6rlerin pilotlar\u0131n u\u00e7u\u015fa ba\u015flama s\u00fcre\u00e7lerine nas\u0131l etki etti\u011fini inceleyece\u011fiz. Farkl\u0131 k\u00fclt\u00fcrler, ileti\u015fim tarzlar\u0131ndan risk alg\u0131lamalar\u0131na kadar de\u011fi\u015fiklik g\u00f6sterir ve bu durum pilotlar\u0131n u\u00e7u\u015f haz\u0131rl\u0131klar\u0131na nas\u0131l yakla\u015ft\u0131klar\u0131n\u0131 etkileyebilir.K\u00fclt\u00fcrel Farkl\u0131l\u0131klar\u0131n \u0130leti\u015fim","inLanguage":"ar","isPartOf":{"@id":"https:\/\/aroma-eg.com\/ar\/#website"},"breadcrumb":{"@id":"https:\/\/aroma-eg.com\/ar\/kulturel-farkliliklarin-ucus-baslangic-yaklasimlarina-etkis\/#breadcrumblist"},"datePublished":"2024-12-09T15:34:44+00:00","dateModified":"2024-12-10T13:58:39+00:00"},{"@type":"WebSite","@id":"https:\/\/aroma-eg.com\/ar\/#website","url":"https:\/\/aroma-eg.com\/ar\/","name":"Aroma-EG","description":"EG","inLanguage":"ar","publisher":{"@id":"https:\/\/aroma-eg.com\/ar\/#organization"}}]},"og:locale":"ar_AR","og:site_name":"Aroma-EG - EG","og:type":"article","og:title":"K\u00fclt\u00fcrel Farkl\u0131l\u0131klar\u0131n U\u00e7u\u015f Ba\u015flang\u0131\u00e7 Yakla\u015f\u0131mlar\u0131na Etkis - Aroma-EG","og:description":"K\u00fclt\u00fcrel Farkl\u0131l\u0131klar\u0131n U\u00e7u\u015f Ba\u015flang\u0131\u00e7 Yakla\u015f\u0131mlar\u0131na EtkisiK\u00fclt\u00fcrel Farkl\u0131l\u0131klar\u0131n U\u00e7u\u015f Ba\u015flang\u0131\u00e7 Yakla\u015f\u0131mlar\u0131na EtkisiU\u00e7u\u015f s\u00fcre\u00e7leri ve ba\u015flang\u0131\u00e7 yakla\u015f\u0131mlar\u0131, pilotlar\u0131n kadar, k\u00fclt\u00fcrel dinamiklerin de etkisi alt\u0131ndad\u0131r. Bu makalede, \u00e7e\u015fitli k\u00fclt\u00fcrel fakt\u00f6rlerin pilotlar\u0131n u\u00e7u\u015fa ba\u015flama s\u00fcre\u00e7lerine nas\u0131l etki etti\u011fini inceleyece\u011fiz. Farkl\u0131 k\u00fclt\u00fcrler, ileti\u015fim tarzlar\u0131ndan risk alg\u0131lamalar\u0131na kadar de\u011fi\u015fiklik g\u00f6sterir ve bu durum pilotlar\u0131n u\u00e7u\u015f haz\u0131rl\u0131klar\u0131na nas\u0131l yakla\u015ft\u0131klar\u0131n\u0131 etkileyebilir.K\u00fclt\u00fcrel Farkl\u0131l\u0131klar\u0131n \u0130leti\u015fim","og:url":"https:\/\/aroma-eg.com\/ar\/kulturel-farkliliklarin-ucus-baslangic-yaklasimlarina-etkis\/","article:published_time":"2024-12-09T15:34:44+00:00","article:modified_time":"2024-12-10T13:58:39+00:00","twitter:card":"summary_large_image","twitter:title":"K\u00fclt\u00fcrel Farkl\u0131l\u0131klar\u0131n U\u00e7u\u015f Ba\u015flang\u0131\u00e7 Yakla\u015f\u0131mlar\u0131na Etkis - Aroma-EG","twitter:description":"K\u00fclt\u00fcrel Farkl\u0131l\u0131klar\u0131n U\u00e7u\u015f Ba\u015flang\u0131\u00e7 Yakla\u015f\u0131mlar\u0131na EtkisiK\u00fclt\u00fcrel Farkl\u0131l\u0131klar\u0131n U\u00e7u\u015f Ba\u015flang\u0131\u00e7 Yakla\u015f\u0131mlar\u0131na EtkisiU\u00e7u\u015f s\u00fcre\u00e7leri ve ba\u015flang\u0131\u00e7 yakla\u015f\u0131mlar\u0131, pilotlar\u0131n kadar, k\u00fclt\u00fcrel dinamiklerin de etkisi alt\u0131ndad\u0131r. Bu makalede, \u00e7e\u015fitli k\u00fclt\u00fcrel fakt\u00f6rlerin pilotlar\u0131n u\u00e7u\u015fa ba\u015flama s\u00fcre\u00e7lerine nas\u0131l etki etti\u011fini inceleyece\u011fiz. Farkl\u0131 k\u00fclt\u00fcrler, ileti\u015fim tarzlar\u0131ndan risk alg\u0131lamalar\u0131na kadar de\u011fi\u015fiklik g\u00f6sterir ve bu durum pilotlar\u0131n u\u00e7u\u015f haz\u0131rl\u0131klar\u0131na nas\u0131l yakla\u015ft\u0131klar\u0131n\u0131 etkileyebilir.K\u00fclt\u00fcrel Farkl\u0131l\u0131klar\u0131n \u0130leti\u015fim"},"aioseo_meta_data":{"post_id":"6620","title":null,"description":null,"keywords":null,"keyphrases":null,"canonical_url":null,"og_title":null,"og_description":null,"og_object_type":"default","og_image_type":"default","og_image_url":null,"og_image_width":null,"og_image_height":null,"og_image_custom_url":null,"og_image_custom_fields":null,"og_video":null,"og_custom_url":null,"og_article_section":null,"og_article_tags":null,"twitter_use_og":false,"twitter_card":"default","twitter_image_type":"default","twitter_image_url":null,"twitter_image_custom_url":null,"twitter_image_custom_fields":null,"twitter_title":null,"twitter_description":null,"schema":{"blockGraphs":[],"customGraphs":[],"default":{"data":{"Article":[],"Course":[],"Dataset":[],"FAQPage":[],"Movie":[],"Person":[],"Product":[],"ProductReview":[],"Car":[],"Recipe":[],"Service":[],"SoftwareApplication":[],"WebPage":[]},"graphName":"","isEnabled":true},"graphs":[]},"schema_type":"default","schema_type_options":null,"pillar_content":false,"robots_default":true,"robots_noindex":false,"robots_noarchive":false,"robots_nosnippet":false,"robots_nofollow":false,"robots_noimageindex":false,"robots_noodp":false,"robots_notranslate":false,"robots_max_snippet":null,"robots_max_videopreview":null,"robots_max_imagepreview":"large","priority":null,"frequency":null,"local_seo":null,"limit_modified_date":false,"created":"2026-07-28 15:01:54","updated":"2026-07-29 10:37:16","primary_term":null,"ai":null,"breadcrumb_settings":null,"seo_analyzer_scan_date":null},"aioseo_breadcrumb":"<div class=\"aioseo-breadcrumbs\"><span class=\"aioseo-breadcrumb\">\n\t\t\t<a href=\"https:\/\/aroma-eg.com\/ar\" title=\"Home\">Home<\/a>\n\t\t<\/span><span class=\"aioseo-breadcrumb-separator\">&raquo;<\/span><span class=\"aioseo-breadcrumb\">\n\t\t\t<a href=\"https:\/\/aroma-eg.com\/ar\/category\/offer\/\" title=\"Offer\">Offer<\/a>\n\t\t<\/span><span class=\"aioseo-breadcrumb-separator\">&raquo;<\/span><span class=\"aioseo-breadcrumb\">\n\t\t\tK\u00fclt\u00fcrel Farkl\u0131l\u0131klar\u0131n U\u00e7u\u015f Ba\u015flang\u0131\u00e7 Yakla\u015f\u0131mlar\u0131na Etkis\n\t\t<\/span><\/div>","aioseo_breadcrumb_json":[{"label":"Home","link":"https:\/\/aroma-eg.com\/ar"},{"label":"Offer","link":"https:\/\/aroma-eg.com\/ar\/category\/offer\/"},{"label":"K\u00fclt\u00fcrel Farkl\u0131l\u0131klar\u0131n U\u00e7u\u015f Ba\u015flang\u0131\u00e7 Yakla\u015f\u0131mlar\u0131na Etkis","link":"https:\/\/aroma-eg.com\/ar\/kulturel-farkliliklarin-ucus-baslangic-yaklasimlarina-etkis\/"}],"_links":{"self":[{"href":"https:\/\/aroma-eg.com\/ar\/wp-json\/wp\/v2\/posts\/6620","targetHints":{"allow":["GET"]}}],"collection":[{"href":"https:\/\/aroma-eg.com\/ar\/wp-json\/wp\/v2\/posts"}],"about":[{"href":"https:\/\/aroma-eg.com\/ar\/wp-json\/wp\/v2\/types\/post"}],"author":[{"embeddable":true,"href":"https:\/\/aroma-eg.com\/ar\/wp-json\/wp\/v2\/users\/4"}],"replies":[{"embeddable":true,"href":"https:\/\/aroma-eg.com\/ar\/wp-json\/wp\/v2\/comments?post=6620"}],"version-history":[{"count":1,"href":"https:\/\/aroma-eg.com\/ar\/wp-json\/wp\/v2\/posts\/6620\/revisions"}],"predecessor-version":[{"id":6621,"href":"https:\/\/aroma-eg.com\/ar\/wp-json\/wp\/v2\/posts\/6620\/revisions\/6621"}],"wp:attachment":[{"href":"https:\/\/aroma-eg.com\/ar\/wp-json\/wp\/v2\/media?parent=6620"}],"wp:term":[{"taxonomy":"category","embeddable":true,"href":"https:\/\/aroma-eg.com\/ar\/wp-json\/wp\/v2\/categories?post=6620"},{"taxonomy":"post_tag","embeddable":true,"href":"https:\/\/aroma-eg.com\/ar\/wp-json\/wp\/v2\/tags?post=6620"}],"curies":[{"name":"wp","href":"https:\/\/api.w.org\/{rel}","templated":true}]}}